{"id":881,"date":"2019-04-10T08:23:16","date_gmt":"2019-04-10T08:23:16","guid":{"rendered":"http:\/\/jjzkanjiza.edu.rs\/?p=881"},"modified":"2019-04-10T08:24:15","modified_gmt":"2019-04-10T08:24:15","slug":"iskolai-szavaloverseny","status":"publish","type":"post","link":"https:\/\/jjzkanjiza.edu.rs\/sr\/2019\/04\/10\/iskolai-szavaloverseny\/","title":{"rendered":"\u0160kolsko takmi\u010denje u recitovanju"},"content":{"rendered":"<div data-elementor-type=\"wp-post\" data-elementor-id=\"881\" class=\"elementor elementor-881\">\n\t\t\t\t\t\t<section class=\"elementor-section elementor-top-section elementor-element elementor-element-da951d2 elementor-section-boxed elementor-section-height-default elementor-section-height-default\" data-id=\"da951d2\" data-element_type=\"section\" data-e-type=\"section\">\n\t\t\t\t\t\t<div class=\"elementor-container elementor-column-gap-default\">\n\t\t\t\t\t<div class=\"elementor-column elementor-col-100 elementor-top-column elementor-element elementor-element-30ed6aa\" data-id=\"30ed6aa\" data-element_type=\"column\" data-e-type=\"column\">\n\t\t\t<div class=\"elementor-widget-wrap elementor-element-populated\">\n\t\t\t\t\t\t<div class=\"elementor-element elementor-element-8ced16c elementor-invisible elementor-widget elementor-widget-text-editor\" data-id=\"8ced16c\" data-element_type=\"widget\" data-e-type=\"widget\" data-settings=\"{&quot;_animation&quot;:&quot;fadeInDown&quot;}\" data-widget_type=\"text-editor.default\">\n\t\t\t\t<div class=\"elementor-widget-container\">\n\t\t\t\t\t\t\t\t\t<p><span>9. aprila 2019. godine su odr\u017eane kvalifikacije za op\u0161tinsko takmi\u010denje u recitovanju. <\/span><\/p><p><span>Na takmi\u010denju je bilo 43 u\u010denika ni\u017eih razreda, i 23 u\u010denika vi\u0161ih razreda.\u00a0<\/span><\/p>\t\t\t\t\t\t\t\t<\/div>\n\t\t\t\t<\/div>\n\t\t\t\t\t<\/div>\n\t\t<\/div>\n\t\t\t\t\t<\/div>\n\t\t<\/section>\n\t\t\t\t<section class=\"elementor-section elementor-top-section elementor-element elementor-element-4abd9dc elementor-section-boxed elementor-section-height-default elementor-section-height-default\" data-id=\"4abd9dc\" data-element_type=\"section\" data-e-type=\"section\">\n\t\t\t\t\t\t<div class=\"elementor-container elementor-column-gap-default\">\n\t\t\t\t\t<div class=\"elementor-column elementor-col-50 elementor-top-column elementor-element elementor-element-1159193\" data-id=\"1159193\" data-element_type=\"column\" data-e-type=\"column\">\n\t\t\t<div class=\"elementor-widget-wrap elementor-element-populated\">\n\t\t\t\t\t\t<div class=\"elementor-element elementor-element-0e378df elementor-invisible elementor-widget elementor-widget-text-editor\" data-id=\"0e378df\" data-element_type=\"widget\" data-e-type=\"widget\" data-settings=\"{&quot;_animation&quot;:&quot;fadeInRight&quot;}\" data-widget_type=\"text-editor.default\">\n\t\t\t\t<div class=\"elementor-widget-container\">\n\t\t\t\t\t\t\t\t\t<div>U\u010denici ni\u017eih razreda koji su se plasirali na op\u0161tinsko takmi\u010denje:<\/div><div>\u2013 Zoe Abraham (1.b)<\/div><div>\u2013 Adrien Hu\u0111ec (1.d)<\/div><div>&#8211; Sanela A\u0107i\u0107 (2.a)<\/div><div>\u2013 Jazmin Rekecki (2.b)<\/div><div>&#8211; Maja Gr\u010de (3.a)<\/div><div>\u2013 Viola Va\u0161 (3.A)<\/div><div>\u2013 \u0160ara Tot (4.b)<\/div><div>\u2013 David Purgel (4.b)<\/div>\t\t\t\t\t\t\t\t<\/div>\n\t\t\t\t<\/div>\n\t\t\t\t\t<\/div>\n\t\t<\/div>\n\t\t\t\t<div class=\"elementor-column elementor-col-50 elementor-top-column elementor-element elementor-element-bd6fac9\" data-id=\"bd6fac9\" data-element_type=\"column\" data-e-type=\"column\">\n\t\t\t<div class=\"elementor-widget-wrap elementor-element-populated\">\n\t\t\t\t\t\t<div class=\"elementor-element elementor-element-2d5664d elementor-invisible elementor-widget elementor-widget-text-editor\" data-id=\"2d5664d\" data-element_type=\"widget\" data-e-type=\"widget\" data-settings=\"{&quot;_animation&quot;:&quot;fadeInLeft&quot;}\" data-widget_type=\"text-editor.default\">\n\t\t\t\t<div class=\"elementor-widget-container\">\n\t\t\t\t\t\t\t\t\t<div>U\u010denici vi\u0161ih razreda koji su se plasirali na op\u0161tinsko takmi\u010denje:<\/div><div>&#8211; Ana Vujakovi\u0107<\/div><div>\u2013 \u010congor Babinski (5.e)<\/div><div>\u2013 Viktor Hubai\u00a0(6.d)<\/div><div>\u2013 Mariana Kalmar (7.c)<\/div>\t\t\t\t\t\t\t\t<\/div>\n\t\t\t\t<\/div>\n\t\t\t\t\t<\/div>\n\t\t<\/div>\n\t\t\t\t\t<\/div>\n\t\t<\/section>\n\t\t\t\t<section class=\"elementor-section elementor-top-section elementor-element elementor-element-6df95cc elementor-section-boxed elementor-section-height-default elementor-section-height-default\" data-id=\"6df95cc\" data-element_type=\"section\" data-e-type=\"section\">\n\t\t\t\t\t\t<div class=\"elementor-container elementor-column-gap-default\">\n\t\t\t\t\t<div class=\"elementor-column elementor-col-100 elementor-top-column elementor-element elementor-element-55cda28\" data-id=\"55cda28\" data-element_type=\"column\" data-e-type=\"column\">\n\t\t\t<div class=\"elementor-widget-wrap elementor-element-populated\">\n\t\t\t\t\t\t<div class=\"elementor-element elementor-element-d3ccadd elementor-invisible elementor-widget elementor-widget-text-editor\" data-id=\"d3ccadd\" data-element_type=\"widget\" data-e-type=\"widget\" data-settings=\"{&quot;_animation&quot;:&quot;wobble&quot;}\" data-widget_type=\"text-editor.default\">\n\t\t\t\t<div class=\"elementor-widget-container\">\n\t\t\t\t\t\t\t\t\t<p style=\"text-align: center;\"><a href=\"https:\/\/photos.app.goo.gl\/vdbPiri3aJkSfaLG7\" target=\"_blank\" rel=\"noopener\"><strong><span style=\"color: #000080;\">\u0421\u043b\u0438\u043a\u0435<\/span><\/strong><\/a><\/p>\t\t\t\t\t\t\t\t<\/div>\n\t\t\t\t<\/div>\n\t\t\t\t\t<\/div>\n\t\t<\/div>\n\t\t\t\t\t<\/div>\n\t\t<\/section>\n\t\t\t\t<\/div>","protected":false},"excerpt":{"rendered":"<p>2019.04.09-\u00e9n megrendez\u00e9sre ker\u00fclt a J\u00f3zsef Attila k\u00f6zs\u00e9gi szaval\u00f3verseny el\u0151selejtez\u0151je. Az als\u00f3s kateg\u00f3ri\u00e1ban 43 tanul\u00f3, m\u00edg a fels\u0151s tanul\u00f3k k\u00f6z\u00fcl 23 tanul\u00f3 vett r\u00e9szt a megm\u00e9rettet\u00e9sen.\u00a0 Als\u00f3 oszt\u00e1lyos tov\u00e1bbjut\u00f3k:- \u00c1brah\u00e1m Zo\u00e9 (1.b)- Hugyec Adrienn (1.d)- Sanela A\u0107i\u0107 (2.a)- Rekecki J\u00e1zmin (2.b)- Maja Gr\u010de (3.a)- Vas Viola (3.A)- T\u00f3t S\u00e1ra (4.b)- Purgel<a class=\"moretag\" href=\"https:\/\/jjzkanjiza.edu.rs\/sr\/2019\/04\/10\/iskolai-szavaloverseny\/\"> Read more<\/a><\/p>","protected":false},"author":1,"featured_media":882,"comment_status":"closed","ping_status":"closed","sticky":false,"template":"","format":"standard","meta":{"_themeisle_gutenberg_block_has_review":false,"footnotes":"","_links_to":"","_links_to_target":""},"categories":[4],"tags":[],"class_list":["post-881","post","type-post","status-publish","format-standard","has-post-thumbnail","hentry","category-versenyek"],"_links":{"self":[{"href":"https:\/\/jjzkanjiza.edu.rs\/sr\/wp-json\/wp\/v2\/posts\/881","targetHints":{"allow":["GET"]}}],"collection":[{"href":"https:\/\/jjzkanjiza.edu.rs\/sr\/wp-json\/wp\/v2\/posts"}],"about":[{"href":"https:\/\/jjzkanjiza.edu.rs\/sr\/wp-json\/wp\/v2\/types\/post"}],"author":[{"embeddable":true,"href":"https:\/\/jjzkanjiza.edu.rs\/sr\/wp-json\/wp\/v2\/users\/1"}],"replies":[{"embeddable":true,"href":"https:\/\/jjzkanjiza.edu.rs\/sr\/wp-json\/wp\/v2\/comments?post=881"}],"version-history":[{"count":3,"href":"https:\/\/jjzkanjiza.edu.rs\/sr\/wp-json\/wp\/v2\/posts\/881\/revisions"}],"predecessor-version":[{"id":885,"href":"https:\/\/jjzkanjiza.edu.rs\/sr\/wp-json\/wp\/v2\/posts\/881\/revisions\/885"}],"wp:featuredmedia":[{"embeddable":true,"href":"https:\/\/jjzkanjiza.edu.rs\/sr\/wp-json\/wp\/v2\/media\/882"}],"wp:attachment":[{"href":"https:\/\/jjzkanjiza.edu.rs\/sr\/wp-json\/wp\/v2\/media?parent=881"}],"wp:term":[{"taxonomy":"category","embeddable":true,"href":"https:\/\/jjzkanjiza.edu.rs\/sr\/wp-json\/wp\/v2\/categories?post=881"},{"taxonomy":"post_tag","embeddable":true,"href":"https:\/\/jjzkanjiza.edu.rs\/sr\/wp-json\/wp\/v2\/tags?post=881"}],"curies":[{"name":"wp","href":"https:\/\/api.w.org\/{rel}","templated":true}]}}