{"id":2099,"date":"2021-04-09T10:10:29","date_gmt":"2021-04-09T10:10:29","guid":{"rendered":"http:\/\/jjzkanjiza.edu.rs\/?p=2099"},"modified":"2021-04-09T10:12:10","modified_gmt":"2021-04-09T10:12:10","slug":"iratkozas-az-altalanos-iskola-elso-osztalyaba-a-2021-2022-es-tanevre","status":"publish","type":"post","link":"https:\/\/jjzkanjiza.edu.rs\/sr\/2021\/04\/09\/iratkozas-az-altalanos-iskola-elso-osztalyaba-a-2021-2022-es-tanevre\/","title":{"rendered":"UPIS U PRVI RAZRED OSNOVNE \u0160KOLE\nza \u0161kolsku 2021\/2022 godinu"},"content":{"rendered":"<div data-elementor-type=\"wp-post\" data-elementor-id=\"2099\" class=\"elementor elementor-2099\">\n\t\t\t\t\t\t<section class=\"elementor-section elementor-top-section elementor-element elementor-element-b550240 elementor-section-boxed elementor-section-height-default elementor-section-height-default\" data-id=\"b550240\" data-element_type=\"section\" data-e-type=\"section\">\n\t\t\t\t\t\t<div class=\"elementor-container elementor-column-gap-default\">\n\t\t\t\t\t<div class=\"elementor-column elementor-col-100 elementor-top-column elementor-element elementor-element-89745c6\" data-id=\"89745c6\" data-element_type=\"column\" data-e-type=\"column\">\n\t\t\t<div class=\"elementor-widget-wrap elementor-element-populated\">\n\t\t\t\t\t\t<div class=\"elementor-element elementor-element-ac7da52 elementor-invisible elementor-widget elementor-widget-text-editor\" data-id=\"ac7da52\" data-element_type=\"widget\" data-e-type=\"widget\" data-settings=\"{&quot;_animation&quot;:&quot;fadeInDown&quot;}\" data-widget_type=\"text-editor.default\">\n\t\t\t\t<div class=\"elementor-widget-container\">\n\t\t\t\t\t\t\t\t\t<p class=\"translation-block\">Roditel\u0458i se srda\u010dno o\u010dekuju na upis deteta u prvi razred u \u0161kolskoj 2021\/2022 godini.<\/p><ul><li class=\"translation-block\">Molimo roditel\u0458e\/zakonske zastupnike da zbog va\u017ee\u0107ih vanrednih i preventivnih mera iz jedne porodice, po mogu\u0107nosti samo <strong><u>jedna<\/u><\/strong> osoba da bude prisutna pri upisu.<\/li><\/ul><p class=\"translation-block\">Upis prvaka vr\u0161i\u0107e se po slede\u0107em rasporedu u Zmaj zgradi u Kanji\u017ei:<\/p><p style=\"padding-left: 40px;\" class=\"translation-block\">15.april (\u010detvrtak)- upis od 13:00 do 16:00 \u010dasova \u2013 termin za decu koja su poha\u0111ala pred\u0161kolsku ustanovu u Martono\u0161u, Adorjanu i Velebitu.<\/p><p style=\"padding-left: 40px;\" class=\"translation-block\">16.april (petak) \u2013upis od 13:00 do 16:00 \u010dasova -\u2013 termin za decu koja su poha\u0111ala pred\u0161kolsku ustanovu u Masla\u010dak zgradi.<\/p><p style=\"padding-left: 40px;\" class=\"translation-block\">19.april (ponedel\u0458ak) \u2013 upis od 13:00 do 16:00 \u010dasova - termin za decu koja su poha\u0111ala pred\u0161kolsku ustanovu u zgradi Na\u0161i Biseri.<\/p><p><strong><u>Potrebna dokumenta za upis:<\/u><\/strong><\/p><ul><li>- li\u010dni dokumenti nisu potrebni, jedina obaveza da se roditel\u0458\/zakonski zastupnik li\u010dno pojavi na upisu.<\/li><\/ul><p>Molimo roditel\u0458e da nose maske pri upisu.<\/p><p><strong>Na pitanja u vezi upisa mo\u017eete dobiti na broju: 024\/874-070<\/strong><\/p><p>Magyarkanizsa, 2021. \u00e1prilis 09.\u00a0\u00a0\u00a0\u00a0\u00a0\u00a0\u00a0\u00a0\u00a0\u00a0\u00a0\u00a0\u00a0\u00a0\u00a0\u00a0\u00a0\u00a0\u00a0\u00a0\u00a0\u00a0\u00a0\u00a0\u00a0\u00a0\u00a0\u00a0\u00a0\u00a0\u00a0\u00a0\u00a0\u00a0\u00a0\u00a0\u00a0\u00a0\u00a0\u00a0\u00a0\u00a0\u00a0\u00a0\u00a0\u00a0\u00a0\u00a0\u00a0\u00a0\u00a0\u00a0\u00a0\u00a0\u00a0\u00a0\u00a0\u00a0<\/p><p style=\"text-align: right;\">Zoltan Sepe\u0161i, direktor<\/p>\t\t\t\t\t\t\t\t<\/div>\n\t\t\t\t<\/div>\n\t\t\t\t\t<\/div>\n\t\t<\/div>\n\t\t\t\t\t<\/div>\n\t\t<\/section>\n\t\t\t\t<\/div>","protected":false},"excerpt":{"rendered":"<p>Szeretettel v\u00e1runk minden sz\u00fcl\u0151t\/jogi k\u00e9pvisel\u0151t az els\u0151 oszt\u00e1ly\u00e1ba val\u00f3 iratkoz\u00e1ra. K\u00e9r\u00fcnk minden sz\u00fcl\u0151t\/jogi k\u00e9pvisel\u0151t, hogy &#8211; amennyiben lehets\u00e9ges- a jelenleg is hat\u00e1lyban l\u00e9v\u0151 korl\u00e1toz\u00e1sok miatt egy csal\u00e1db\u00f3l egy sz\u00fcl\u0151\/jogi k\u00e9pvisel\u0151 vegyen r\u00e9szt az iratkoz\u00e1son. Az \u00e1ltal\u00e1nos iskol\u00e1ba val\u00f3 iratkoz\u00e1s a k\u00f6vetkez\u0151 id\u0151pontokban zajlik a Zmaj-\u00e9p\u00fcletben, Magyarkanizs\u00e1n (Iskola t\u00e9r 1): \u00c1prilis<a class=\"moretag\" href=\"https:\/\/jjzkanjiza.edu.rs\/sr\/2021\/04\/09\/iratkozas-az-altalanos-iskola-elso-osztalyaba-a-2021-2022-es-tanevre\/\"> Read more<\/a><\/p>","protected":false},"author":1,"featured_media":878,"comment_status":"closed","ping_status":"closed","sticky":false,"template":"","format":"standard","meta":{"_themeisle_gutenberg_block_has_review":false,"footnotes":"","_links_to":"","_links_to_target":""},"categories":[9],"tags":[],"class_list":["post-2099","post","type-post","status-publish","format-standard","has-post-thumbnail","hentry","category-informaciok"],"_links":{"self":[{"href":"https:\/\/jjzkanjiza.edu.rs\/sr\/wp-json\/wp\/v2\/posts\/2099","targetHints":{"allow":["GET"]}}],"collection":[{"href":"https:\/\/jjzkanjiza.edu.rs\/sr\/wp-json\/wp\/v2\/posts"}],"about":[{"href":"https:\/\/jjzkanjiza.edu.rs\/sr\/wp-json\/wp\/v2\/types\/post"}],"author":[{"embeddable":true,"href":"https:\/\/jjzkanjiza.edu.rs\/sr\/wp-json\/wp\/v2\/users\/1"}],"replies":[{"embeddable":true,"href":"https:\/\/jjzkanjiza.edu.rs\/sr\/wp-json\/wp\/v2\/comments?post=2099"}],"version-history":[{"count":7,"href":"https:\/\/jjzkanjiza.edu.rs\/sr\/wp-json\/wp\/v2\/posts\/2099\/revisions"}],"predecessor-version":[{"id":2107,"href":"https:\/\/jjzkanjiza.edu.rs\/sr\/wp-json\/wp\/v2\/posts\/2099\/revisions\/2107"}],"wp:featuredmedia":[{"embeddable":true,"href":"https:\/\/jjzkanjiza.edu.rs\/sr\/wp-json\/wp\/v2\/media\/878"}],"wp:attachment":[{"href":"https:\/\/jjzkanjiza.edu.rs\/sr\/wp-json\/wp\/v2\/media?parent=2099"}],"wp:term":[{"taxonomy":"category","embeddable":true,"href":"https:\/\/jjzkanjiza.edu.rs\/sr\/wp-json\/wp\/v2\/categories?post=2099"},{"taxonomy":"post_tag","embeddable":true,"href":"https:\/\/jjzkanjiza.edu.rs\/sr\/wp-json\/wp\/v2\/tags?post=2099"}],"curies":[{"name":"wp","href":"https:\/\/api.w.org\/{rel}","templated":true}]}}