{"id":1739,"date":"2020-09-02T18:00:16","date_gmt":"2020-09-02T18:00:16","guid":{"rendered":"http:\/\/jjzkanjiza.edu.rs\/?p=1739"},"modified":"2020-09-02T18:02:24","modified_gmt":"2020-09-02T18:02:24","slug":"elsosok-es-otodikesek-fogadasa-2","status":"publish","type":"post","link":"https:\/\/jjzkanjiza.edu.rs\/sr\/2020\/09\/02\/elsosok-es-otodikesek-fogadasa-2\/","title":{"rendered":"Prijem prvaka i petaka"},"content":{"rendered":"<div data-elementor-type=\"wp-post\" data-elementor-id=\"1739\" class=\"elementor elementor-1739\">\n\t\t\t\t\t\t<section class=\"elementor-section elementor-top-section elementor-element elementor-element-855f729 elementor-section-boxed elementor-section-height-default elementor-section-height-default\" data-id=\"855f729\" data-element_type=\"section\" data-e-type=\"section\">\n\t\t\t\t\t\t<div class=\"elementor-container elementor-column-gap-default\">\n\t\t\t\t\t<div class=\"elementor-column elementor-col-100 elementor-top-column elementor-element elementor-element-25bc294\" data-id=\"25bc294\" data-element_type=\"column\" data-e-type=\"column\">\n\t\t\t<div class=\"elementor-widget-wrap elementor-element-populated\">\n\t\t\t\t\t\t<div class=\"elementor-element elementor-element-ceb0f8d elementor-invisible elementor-widget elementor-widget-text-editor\" data-id=\"ceb0f8d\" data-element_type=\"widget\" data-e-type=\"widget\" data-settings=\"{&quot;_animation&quot;:&quot;fadeInDown&quot;}\" data-widget_type=\"text-editor.default\">\n\t\t\t\t<div class=\"elementor-widget-container\">\n\t\t\t\t\t\t\t\t\t<div>31. avgusta se u na\u0161oj ustanovi odr\u017eao prijem prvaka i petaka u svim zgradama po propisima Ministarstva.\u00a0<\/div><div>Prvake je direktor Zoltan Sepe\u0161i pozdravio sve\u010danim govorom, zatim je usledila priredba koju su izveli u\u010denici drugog razreda. Posle priredbe su se prvaci upoznali sa svojim u\u010diteljicama i u\u010dionicama.<\/div><div>Petake i njihove roditelje je zamenica direktora do\u010dekala sve\u010danim govorom, zatim su se upoznali sa razrednim stare\u0161inama i prisustvovali su prvom \u010dasu razrednog stare\u0161ine.<\/div>\t\t\t\t\t\t\t\t<\/div>\n\t\t\t\t<\/div>\n\t\t\t\t\t<\/div>\n\t\t<\/div>\n\t\t\t\t\t<\/div>\n\t\t<\/section>\n\t\t\t\t<section class=\"elementor-section elementor-top-section elementor-element elementor-element-566e377 elementor-section-boxed elementor-section-height-default elementor-section-height-default\" data-id=\"566e377\" data-element_type=\"section\" data-e-type=\"section\">\n\t\t\t\t\t\t<div class=\"elementor-container elementor-column-gap-default\">\n\t\t\t\t\t<div class=\"elementor-column elementor-col-100 elementor-top-column elementor-element elementor-element-8110523\" data-id=\"8110523\" data-element_type=\"column\" data-e-type=\"column\">\n\t\t\t<div class=\"elementor-widget-wrap elementor-element-populated\">\n\t\t\t\t\t\t<div class=\"elementor-element elementor-element-02edf3a elementor-invisible elementor-widget elementor-widget-text-editor\" data-id=\"02edf3a\" data-element_type=\"widget\" data-e-type=\"widget\" data-settings=\"{&quot;_animation&quot;:&quot;wobble&quot;}\" data-widget_type=\"text-editor.default\">\n\t\t\t\t<div class=\"elementor-widget-container\">\n\t\t\t\t\t\t\t\t\t<p style=\"text-align: center;\"><span style=\"color: #cc99ff;\"><a href=\"https:\/\/photos.app.goo.gl\/5uC1LdpU3JpK7jT66\" target=\"_blank\" style=\"color: #cc99ff;\" rel=\"noopener\"><strong>\u0421\u043b\u0438\u043a\u0435<\/strong><\/a><\/span><\/p>\t\t\t\t\t\t\t\t<\/div>\n\t\t\t\t<\/div>\n\t\t\t\t\t<\/div>\n\t\t<\/div>\n\t\t\t\t\t<\/div>\n\t\t<\/section>\n\t\t\t\t<\/div>","protected":false},"excerpt":{"rendered":"<p>Augusztus 31-\u00e9n\u00a0 az int\u00e9zm\u00e9ny minden \u00e9p\u00fclet\u00e9ben sor ker\u00fclt az els\u0151s \u00e9s \u00f6t\u00f6dikes tanul\u00f3k fogad\u00e1s\u00e1ra, mely Miniszt\u00e9riumi el\u0151\u00edr\u00e1soknak megfelel\u0151en zajlott.\u00a0Az els\u0151s tanul\u00f3kat Szepesi Zolt\u00e1n igazgat\u00f3 \u00far k\u00f6sz\u00f6nt\u0151 besz\u00e9d\u00e9t k\u00f6vet\u0151en a m\u00e1sodikos tanul\u00f3k m\u0171sora fogadta. A m\u0171sort k\u00f6vet\u0151en mindenki megismerkedhetett saj\u00e1t tan\u00edt\u00f3 n\u00e9ni\u00e9vel, tanterm\u00e9vel.Az \u00f6t\u00f6dikes tanul\u00f3k \u00e9s sz\u00fcleik az igazgat\u00f3helyettesek k\u00f6sz\u00f6nt\u0151je ut\u00e1n<a class=\"moretag\" href=\"https:\/\/jjzkanjiza.edu.rs\/sr\/2020\/09\/02\/elsosok-es-otodikesek-fogadasa-2\/\"> Read more<\/a><\/p>","protected":false},"author":1,"featured_media":878,"comment_status":"closed","ping_status":"closed","sticky":false,"template":"","format":"standard","meta":{"_themeisle_gutenberg_block_has_review":false,"footnotes":"","_links_to":"","_links_to_target":""},"categories":[6],"tags":[],"class_list":["post-1739","post","type-post","status-publish","format-standard","has-post-thumbnail","hentry","category-mindennapok"],"_links":{"self":[{"href":"https:\/\/jjzkanjiza.edu.rs\/sr\/wp-json\/wp\/v2\/posts\/1739","targetHints":{"allow":["GET"]}}],"collection":[{"href":"https:\/\/jjzkanjiza.edu.rs\/sr\/wp-json\/wp\/v2\/posts"}],"about":[{"href":"https:\/\/jjzkanjiza.edu.rs\/sr\/wp-json\/wp\/v2\/types\/post"}],"author":[{"embeddable":true,"href":"https:\/\/jjzkanjiza.edu.rs\/sr\/wp-json\/wp\/v2\/users\/1"}],"replies":[{"embeddable":true,"href":"https:\/\/jjzkanjiza.edu.rs\/sr\/wp-json\/wp\/v2\/comments?post=1739"}],"version-history":[{"count":2,"href":"https:\/\/jjzkanjiza.edu.rs\/sr\/wp-json\/wp\/v2\/posts\/1739\/revisions"}],"predecessor-version":[{"id":1741,"href":"https:\/\/jjzkanjiza.edu.rs\/sr\/wp-json\/wp\/v2\/posts\/1739\/revisions\/1741"}],"wp:featuredmedia":[{"embeddable":true,"href":"https:\/\/jjzkanjiza.edu.rs\/sr\/wp-json\/wp\/v2\/media\/878"}],"wp:attachment":[{"href":"https:\/\/jjzkanjiza.edu.rs\/sr\/wp-json\/wp\/v2\/media?parent=1739"}],"wp:term":[{"taxonomy":"category","embeddable":true,"href":"https:\/\/jjzkanjiza.edu.rs\/sr\/wp-json\/wp\/v2\/categories?post=1739"},{"taxonomy":"post_tag","embeddable":true,"href":"https:\/\/jjzkanjiza.edu.rs\/sr\/wp-json\/wp\/v2\/tags?post=1739"}],"curies":[{"name":"wp","href":"https:\/\/api.w.org\/{rel}","templated":true}]}}