{"id":1667,"date":"2020-05-28T09:17:25","date_gmt":"2020-05-28T09:17:25","guid":{"rendered":"http:\/\/jjzkanjiza.edu.rs\/?p=1667"},"modified":"2020-05-28T09:25:06","modified_gmt":"2020-05-28T09:25:06","slug":"iratkozas-az-altalanos-iskola-elso-osztalyaba-a-2020-2021-es-tanevre","status":"publish","type":"post","link":"https:\/\/jjzkanjiza.edu.rs\/sr\/2020\/05\/28\/iratkozas-az-altalanos-iskola-elso-osztalyaba-a-2020-2021-es-tanevre\/","title":{"rendered":"UPIS U PRVI RAZRED OSNOVNE \u0160KOLE za \u0161kolsku 2020\/2021 godinu"},"content":{"rendered":"<div data-elementor-type=\"wp-post\" data-elementor-id=\"1667\" class=\"elementor elementor-1667\">\n\t\t\t\t\t\t<section class=\"elementor-section elementor-top-section elementor-element elementor-element-2c6ac83 elementor-section-boxed elementor-section-height-default elementor-section-height-default\" data-id=\"2c6ac83\" data-element_type=\"section\" data-e-type=\"section\">\n\t\t\t\t\t\t<div class=\"elementor-container elementor-column-gap-default\">\n\t\t\t\t\t<div class=\"elementor-column elementor-col-100 elementor-top-column elementor-element elementor-element-63ab1de\" data-id=\"63ab1de\" data-element_type=\"column\" data-e-type=\"column\">\n\t\t\t<div class=\"elementor-widget-wrap elementor-element-populated\">\n\t\t\t\t\t\t<div class=\"elementor-element elementor-element-30f934f elementor-invisible elementor-widget elementor-widget-text-editor\" data-id=\"30f934f\" data-element_type=\"widget\" data-e-type=\"widget\" data-settings=\"{&quot;_animation&quot;:&quot;zoomInDown&quot;}\" data-widget_type=\"text-editor.default\">\n\t\t\t\t<div class=\"elementor-widget-container\">\n\t\t\t\t\t\t\t\t\t<p>Nakon iskazne zainteresovanovsti za na\u0161u \u0161kolu, roditel\u0458i se srda\u010dno o\u010dekuju na <strong>upis deteta u prvi razred u \u0161kolskoj 2020\/2021 godini.<\/strong><\/p><ul><li class=\"translation-block\">Molimo roditel\u0458e\/zakonske zastupnike da zbog va\u017ee\u0107ih vanrednih i preventivnih mera iz jedne porodice, po mogu\u0107nosti samo <strong><u>jedna<\/u><\/strong> osoba da bude prisutna pri upisu.<\/li><\/ul><p><\/p><p class=\"translation-block\">Upis prvaka vr\u0161i\u0107e se po slede\u0107em rasporedu u Zmaj zgradi u Kanji\u017ei:<\/p><p><strong>03.jun (sreda)- upis od 14:00 do 17:00 \u010dasova<\/strong>\u2013 termin za decu koja su poha\u0111ala pred\u0161kolsku ustanovu u Martono\u0161u i Adorjanu.<\/p><p><strong>04.jun (\u010detvrtak) \u2013upis od 14:00 do 17:00 \u010dasova<\/strong> -\u2013 termin za decu koja su poha\u0111ala pred\u0161kolsku ustanovu u Masla\u010dak zgradi.<\/p><p><strong>05.jun (petak) \u2013 upis od 14:00 do 17:00 \u010dasova <\/strong>- termin za decu koja su poha\u0111ala pred\u0161kolsku ustanovu u zgradi Na\u0161i Biseri.<\/p><p><strong><u>Potrebna dokumenta za upis:<\/u><\/strong><\/p><ul><li>- li\u010dni dokumenti nisu potrebni, jedina obaveza da se roditel\u0458\/zakonski zastupnik li\u010dno pojavi na upisu.<\/li><\/ul><p><\/p><p>Molimo roditel\u0458e da nose maske pri upisu.<\/p><p><strong>\u00a0<\/strong><\/p><p><strong>Na pitanja u vezi upisa mo\u017eete dobiti na broju 062-679-908<\/strong><\/p>\t\t\t\t\t\t\t\t<\/div>\n\t\t\t\t<\/div>\n\t\t\t\t\t<\/div>\n\t\t<\/div>\n\t\t\t\t\t<\/div>\n\t\t<\/section>\n\t\t\t\t<section class=\"elementor-section elementor-top-section elementor-element elementor-element-f926755 elementor-section-boxed elementor-section-height-default elementor-section-height-default\" data-id=\"f926755\" data-element_type=\"section\" data-e-type=\"section\">\n\t\t\t\t\t\t<div class=\"elementor-container elementor-column-gap-default\">\n\t\t\t\t\t<div class=\"elementor-column elementor-col-100 elementor-top-column elementor-element elementor-element-4b8a993\" data-id=\"4b8a993\" data-element_type=\"column\" data-e-type=\"column\">\n\t\t\t<div class=\"elementor-widget-wrap elementor-element-populated\">\n\t\t\t\t\t\t<div class=\"elementor-element elementor-element-9c7d365 elementor-invisible elementor-widget elementor-widget-text-editor\" data-id=\"9c7d365\" data-element_type=\"widget\" data-e-type=\"widget\" data-settings=\"{&quot;_animation&quot;:&quot;wobble&quot;}\" data-widget_type=\"text-editor.default\">\n\t\t\t\t<div class=\"elementor-widget-container\">\n\t\t\t\t\t\t\t\t\t<p style=\"text-align: center;\"><a href=\"http:\/\/jjzkanjiza.edu.rs\/wp-content\/uploads\/2020\/05\/UPIS-U-PRVI-RAZRED-OSNOVNE-\u0160KOLE-2020-i-2021-3.pdf\" target=\"_blank\" rel=\"noopener\"><span style=\"color: #000080;\"><strong>Verzija za preuzimanje<\/strong><\/span><\/a><\/p>\t\t\t\t\t\t\t\t<\/div>\n\t\t\t\t<\/div>\n\t\t\t\t\t<\/div>\n\t\t<\/div>\n\t\t\t\t\t<\/div>\n\t\t<\/section>\n\t\t\t\t<\/div>","protected":false},"excerpt":{"rendered":"<p>Miut\u00e1n \u00e9rdekl\u0151d\u00e9s\u00fcket fejezt\u00e9k ki iskol\u00e1nk fel\u00e9, szeretettel v\u00e1runk minden sz\u00fcl\u0151t\/jogi k\u00e9pvisel\u0151t az els\u0151 oszt\u00e1ly\u00e1ba val\u00f3 iratkoz\u00e1ra. K\u00e9r\u00fcnk minden sz\u00fcl\u0151t\/jogi k\u00e9pvisel\u0151t, hogy &#8211; amennyiben lehets\u00e9ges- a jelenleg is hat\u00e1lyban l\u00e9v\u0151 korl\u00e1toz\u00e1sok miatt egy csal\u00e1db\u00f3l egy sz\u00fcl\u0151\/jogi k\u00e9pvisel\u0151 vegyen r\u00e9szt az iratkoz\u00e1son. Az \u00e1ltal\u00e1nos iskol\u00e1ba val\u00f3 iratkoz\u00e1s a k\u00f6vetkez\u0151 id\u0151pontokban zajlik a<a class=\"moretag\" href=\"https:\/\/jjzkanjiza.edu.rs\/sr\/2020\/05\/28\/iratkozas-az-altalanos-iskola-elso-osztalyaba-a-2020-2021-es-tanevre\/\"> Read more<\/a><\/p>","protected":false},"author":1,"featured_media":1602,"comment_status":"closed","ping_status":"closed","sticky":false,"template":"","format":"standard","meta":{"_themeisle_gutenberg_block_has_review":false,"footnotes":"","_links_to":"","_links_to_target":""},"categories":[9],"tags":[],"class_list":["post-1667","post","type-post","status-publish","format-standard","has-post-thumbnail","hentry","category-informaciok"],"_links":{"self":[{"href":"https:\/\/jjzkanjiza.edu.rs\/sr\/wp-json\/wp\/v2\/posts\/1667","targetHints":{"allow":["GET"]}}],"collection":[{"href":"https:\/\/jjzkanjiza.edu.rs\/sr\/wp-json\/wp\/v2\/posts"}],"about":[{"href":"https:\/\/jjzkanjiza.edu.rs\/sr\/wp-json\/wp\/v2\/types\/post"}],"author":[{"embeddable":true,"href":"https:\/\/jjzkanjiza.edu.rs\/sr\/wp-json\/wp\/v2\/users\/1"}],"replies":[{"embeddable":true,"href":"https:\/\/jjzkanjiza.edu.rs\/sr\/wp-json\/wp\/v2\/comments?post=1667"}],"version-history":[{"count":4,"href":"https:\/\/jjzkanjiza.edu.rs\/sr\/wp-json\/wp\/v2\/posts\/1667\/revisions"}],"predecessor-version":[{"id":1672,"href":"https:\/\/jjzkanjiza.edu.rs\/sr\/wp-json\/wp\/v2\/posts\/1667\/revisions\/1672"}],"wp:featuredmedia":[{"embeddable":true,"href":"https:\/\/jjzkanjiza.edu.rs\/sr\/wp-json\/wp\/v2\/media\/1602"}],"wp:attachment":[{"href":"https:\/\/jjzkanjiza.edu.rs\/sr\/wp-json\/wp\/v2\/media?parent=1667"}],"wp:term":[{"taxonomy":"category","embeddable":true,"href":"https:\/\/jjzkanjiza.edu.rs\/sr\/wp-json\/wp\/v2\/categories?post=1667"},{"taxonomy":"post_tag","embeddable":true,"href":"https:\/\/jjzkanjiza.edu.rs\/sr\/wp-json\/wp\/v2\/tags?post=1667"}],"curies":[{"name":"wp","href":"https:\/\/api.w.org\/{rel}","templated":true}]}}