{"id":1447,"date":"2020-02-11T16:26:19","date_gmt":"2020-02-11T16:26:19","guid":{"rendered":"http:\/\/jjzkanjiza.edu.rs\/?p=1447"},"modified":"2020-02-11T16:47:05","modified_gmt":"2020-02-11T16:47:05","slug":"ertesites","status":"publish","type":"post","link":"https:\/\/jjzkanjiza.edu.rs\/sr\/2020\/02\/11\/ertesites\/","title":{"rendered":"Obave\u0161tenje: obustavlja se nastava!"},"content":{"rendered":"<div data-elementor-type=\"wp-post\" data-elementor-id=\"1447\" class=\"elementor elementor-1447\">\n\t\t\t\t\t\t<section class=\"elementor-section elementor-top-section elementor-element elementor-element-135b848 elementor-section-boxed elementor-section-height-default elementor-section-height-default\" data-id=\"135b848\" data-element_type=\"section\" data-e-type=\"section\">\n\t\t\t\t\t\t<div class=\"elementor-container elementor-column-gap-default\">\n\t\t\t\t\t<div class=\"elementor-column elementor-col-100 elementor-top-column elementor-element elementor-element-ce27e9f\" data-id=\"ce27e9f\" data-element_type=\"column\" data-e-type=\"column\">\n\t\t\t<div class=\"elementor-widget-wrap elementor-element-populated\">\n\t\t\t\t\t\t<div class=\"elementor-element elementor-element-dae9b60 elementor-invisible elementor-widget elementor-widget-text-editor\" data-id=\"dae9b60\" data-element_type=\"widget\" data-e-type=\"widget\" data-settings=\"{&quot;_animation&quot;:&quot;rubberBand&quot;}\" data-widget_type=\"text-editor.default\">\n\t\t\t\t<div class=\"elementor-widget-container\">\n\t\t\t\t\t\t\t\t\t<div class=\"_3_bl\"><div class=\"_5w1r _3_om _5wdf\"><div class=\"_4gx_\"><div class=\"_1aa6\"><div class=\"\"><span class=\"_5yl5\">Tisztelt Koll\u00e9g\u00e1k, Sz\u00fcl\u0151k, Kedves Gyerekek ez\u00faton \u00e9rtes\u00edtj\u00fck \u00d6n\u00f6ket, Benneteket, hogy az influenzaj\u00e1rv\u00e1ny miatt <span style=\"color: #0000ff;\"><b>sz\u00fcnetel a tan\u00edt\u00e1s 2020. febru\u00e1r 12-e \u00e9s 21-e k\u00f6z\u00f6tt<\/b><\/span>.\u00a0<\/span><\/div><div class=\"\"><span class=\"_5yl5\"><span>\u00a0<\/span><\/span><\/div><div class=\"\"><span class=\"_5yl5\">Po\u0161tovane kolege, roditelji, draga deco! Na osnovu preporuke Pokrajinskog sekretarijata za zdravstvo i Instituta za javno zdravlje Vojvodine, a u skladu s \u010dlanom 105. Zakona o osnovama sistema obrazovanja i vaspitanja, Pokrajinski sekretarijat za obrazovanje, propise, upravu i nacionalne manjine \u2013 nacionalne zajednice doneo je Odluku o privremenoj obustavi rada pred\u0161kolskih i \u0161kolskih kolektiva na teritoriji AP Vojvodine zbog \u0161iroke rasprostranjenosti aktivnosti virusa gripa. Radi za\u0161tite zdravlja dece, <span style=\"color: #0000ff;\"><b>nastava se obustavlja od 12. do 21. februara 2020. godine<\/b><\/span>.\u00a0<\/span><\/div><div class=\"\"><span class=\"_5yl5\"><span>\u00a0<\/span><\/span><\/div><div class=\"\"><span class=\"_5yl5\" style=\"color: #ff0000;\"><b>Odluka o na\u010dinu nadoknade propu\u0161tenog obrazovno-vaspitnog rada bi\u0107e doneta naknadno.<\/b><\/span><\/div><\/div><\/div><\/div><\/div><div class=\"_8rnv preview\"><div data-tooltip-content=\"P\u00f3sa Katona Andrea Edit B\u00edr\u00f3\" data-hover=\"tooltip\" class=\"_7ef9\"><div aria-label=\"View message reactions\" class=\"_aou\" role=\"button\" tabindex=\"0\"><\/div><\/div><\/div>\t\t\t\t\t\t\t\t<\/div>\n\t\t\t\t<\/div>\n\t\t\t\t\t<\/div>\n\t\t<\/div>\n\t\t\t\t\t<\/div>\n\t\t<\/section>\n\t\t\t\t<section class=\"elementor-section elementor-top-section elementor-element elementor-element-c094430 elementor-section-boxed elementor-section-height-default elementor-section-height-default\" data-id=\"c094430\" data-element_type=\"section\" data-e-type=\"section\">\n\t\t\t\t\t\t<div class=\"elementor-container elementor-column-gap-default\">\n\t\t\t\t\t<div class=\"elementor-column elementor-col-100 elementor-top-column elementor-element elementor-element-6b7df72\" data-id=\"6b7df72\" data-element_type=\"column\" data-e-type=\"column\">\n\t\t\t<div class=\"elementor-widget-wrap elementor-element-populated\">\n\t\t\t\t\t\t<div class=\"elementor-element elementor-element-52037bf elementor-invisible elementor-widget elementor-widget-image\" data-id=\"52037bf\" data-element_type=\"widget\" data-e-type=\"widget\" data-settings=\"{&quot;_animation&quot;:&quot;lightSpeedIn&quot;}\" data-widget_type=\"image.default\">\n\t\t\t\t<div class=\"elementor-widget-container\">\n\t\t\t\t\t\t\t\t\t\t\t\t\t\t\t<img fetchpriority=\"high\" decoding=\"async\" width=\"657\" height=\"855\" src=\"https:\/\/jjzkanjiza.edu.rs\/wp-content\/uploads\/2020\/02\/84715994_499262817455094_5014510730536288256_n.jpg\" class=\"attachment-large size-large wp-image-1451\" alt=\"\" srcset=\"https:\/\/jjzkanjiza.edu.rs\/wp-content\/uploads\/2020\/02\/84715994_499262817455094_5014510730536288256_n.jpg 657w, https:\/\/jjzkanjiza.edu.rs\/wp-content\/uploads\/2020\/02\/84715994_499262817455094_5014510730536288256_n-231x300.jpg 231w\" sizes=\"(max-width: 657px) 100vw, 657px\" \/>\t\t\t\t\t\t\t\t\t\t\t\t\t\t\t<\/div>\n\t\t\t\t<\/div>\n\t\t\t\t\t<\/div>\n\t\t<\/div>\n\t\t\t\t\t<\/div>\n\t\t<\/section>\n\t\t\t\t<\/div>","protected":false},"excerpt":{"rendered":"<p>Tisztelt Koll\u00e9g\u00e1k, Sz\u00fcl\u0151k, Kedves Gyerekek ez\u00faton \u00e9rtes\u00edtj\u00fck \u00d6n\u00f6ket, Benneteket, hogy az influenzaj\u00e1rv\u00e1ny miatt sz\u00fcnetel a tan\u00edt\u00e1s 2020. febru\u00e1r 12-e \u00e9s 21-e k\u00f6z\u00f6tt.\u00a0\u00a0Po\u0161tovane kolege, roditelji, draga deco! Na osnovu preporuke Pokrajinskog sekretarijata za zdravstvo i Instituta za javno zdravlje Vojvodine, a u skladu s \u010dlanom 105. Zakona o osnovama sistema obrazovanja<a class=\"moretag\" href=\"https:\/\/jjzkanjiza.edu.rs\/sr\/2020\/02\/11\/ertesites\/\"> Read more<\/a><\/p>","protected":false},"author":1,"featured_media":551,"comment_status":"closed","ping_status":"closed","sticky":false,"template":"","format":"standard","meta":{"_themeisle_gutenberg_block_has_review":false,"footnotes":"","_links_to":"","_links_to_target":""},"categories":[9],"tags":[],"class_list":["post-1447","post","type-post","status-publish","format-standard","has-post-thumbnail","hentry","category-informaciok"],"_links":{"self":[{"href":"https:\/\/jjzkanjiza.edu.rs\/sr\/wp-json\/wp\/v2\/posts\/1447","targetHints":{"allow":["GET"]}}],"collection":[{"href":"https:\/\/jjzkanjiza.edu.rs\/sr\/wp-json\/wp\/v2\/posts"}],"about":[{"href":"https:\/\/jjzkanjiza.edu.rs\/sr\/wp-json\/wp\/v2\/types\/post"}],"author":[{"embeddable":true,"href":"https:\/\/jjzkanjiza.edu.rs\/sr\/wp-json\/wp\/v2\/users\/1"}],"replies":[{"embeddable":true,"href":"https:\/\/jjzkanjiza.edu.rs\/sr\/wp-json\/wp\/v2\/comments?post=1447"}],"version-history":[{"count":6,"href":"https:\/\/jjzkanjiza.edu.rs\/sr\/wp-json\/wp\/v2\/posts\/1447\/revisions"}],"predecessor-version":[{"id":1454,"href":"https:\/\/jjzkanjiza.edu.rs\/sr\/wp-json\/wp\/v2\/posts\/1447\/revisions\/1454"}],"wp:featuredmedia":[{"embeddable":true,"href":"https:\/\/jjzkanjiza.edu.rs\/sr\/wp-json\/wp\/v2\/media\/551"}],"wp:attachment":[{"href":"https:\/\/jjzkanjiza.edu.rs\/sr\/wp-json\/wp\/v2\/media?parent=1447"}],"wp:term":[{"taxonomy":"category","embeddable":true,"href":"https:\/\/jjzkanjiza.edu.rs\/sr\/wp-json\/wp\/v2\/categories?post=1447"},{"taxonomy":"post_tag","embeddable":true,"href":"https:\/\/jjzkanjiza.edu.rs\/sr\/wp-json\/wp\/v2\/tags?post=1447"}],"curies":[{"name":"wp","href":"https:\/\/api.w.org\/{rel}","templated":true}]}}