{"id":3630,"date":"2025-08-14T16:33:01","date_gmt":"2025-08-14T16:33:01","guid":{"rendered":"https:\/\/jjzkanjiza.edu.rs\/?p=3630"},"modified":"2025-08-14T18:26:53","modified_gmt":"2025-08-14T18:26:53","slug":"folyomento-iskolava-valtunk","status":"publish","type":"post","link":"http:\/\/jjzkanjiza.edu.rs\/sr\/2025\/08\/14\/folyomento-iskolava-valtunk\/","title":{"rendered":"Foly\u00f3ment\u0151 iskol\u00e1v\u00e1 v\u00e1ltunk"},"content":{"rendered":"<div data-elementor-type=\"wp-post\" data-elementor-id=\"3630\" class=\"elementor elementor-3630\">\n\t\t\t\t\t\t<section class=\"elementor-section elementor-top-section elementor-element elementor-element-4e23dff elementor-section-boxed elementor-section-height-default elementor-section-height-default\" data-id=\"4e23dff\" data-element_type=\"section\" data-e-type=\"section\">\n\t\t\t\t\t\t<div class=\"elementor-container elementor-column-gap-default\">\n\t\t\t\t\t<div class=\"elementor-column elementor-col-100 elementor-top-column elementor-element elementor-element-20b8870\" data-id=\"20b8870\" data-element_type=\"column\" data-e-type=\"column\">\n\t\t\t<div class=\"elementor-widget-wrap elementor-element-populated\">\n\t\t\t\t\t\t<div class=\"elementor-element elementor-element-5174f15 elementor-invisible elementor-widget elementor-widget-text-editor\" data-id=\"5174f15\" data-element_type=\"widget\" data-e-type=\"widget\" data-settings=\"{&quot;_animation&quot;:&quot;fadeInDown&quot;}\" data-widget_type=\"text-editor.default\">\n\t\t\t\t<div class=\"elementor-widget-container\">\n\t\t\t\t\t\t\t\t\t<p><strong>K\u00f6z\u00f6s munka a Tisza partj\u00e1n \u2013 Foly\u00f3ment\u0151 Iskol\u00e1k Program <\/strong><\/p><p>Iskol\u00e1nk a tan\u00e9v folyam\u00e1n megismerkedett a <a href=\"https:\/\/tisztatisza.eu\/folyomento_iskola\/\" target=\"_blank\" rel=\"noopener\">Foly\u00f3ment\u0151 Iskol\u00e1k Programmal<\/a>, \u00e9s a 6.c oszt\u00e1ly tagjaival akt\u00edvan bekapcsol\u00f3dtunk a k\u00f6rnyezetv\u00e9d\u0151 munk\u00e1ba. \u00d6r\u00f6mmel t\u00f6lt el benn\u00fcnket, hogy egy nagy csapat r\u00e9szei vagyunk &#8211; a mi Tisz\u00e1nkon k\u00edv\u00fcl foly\u00f3ment\u0151 tev\u00e9kenys\u00e9gre ker\u00fclt sor a Cs\u00edk-\u00e9r, B\u00e1cs-\u00e9r \u00e9s az Aranka ment\u00e9n is.<\/p><p>A tavaszi id\u0151szakban a Foly\u00f3ment\u0151k k\u00e9zik\u00f6nyv\u00e9b\u0151l megtanultuk, hogy a foly\u00f3k \u00e9l\u0151vil\u00e1ga mennyire soksz\u00edn\u0171 \u00e9s t\u00f6r\u00e9keny. Tal\u00e1lkoz\u00f3ink alkalm\u00e1val ellen\u0151rizt\u00fck az \u00e1ltalunk \u00f6r\u00f6kbefogadott partszakasz \u00e1llapot\u00e1t, valamint a tanteremben kiv\u00e1l\u00f3 hangulat\u00fa foglalkoz\u00e1sokat tartottunk: kupakot olvasztottunk, makettet k\u00e9sz\u00edtett\u00fcnk, a t\u00e9m\u00e1hoz ill\u0151 kv\u00edzekben m\u00e9rt\u00fck \u00f6ssze tud\u00e1sunkat, majd boldogan t\u0171zt\u00fck fel a PET-matr\u00f3z kit\u0171z\u0151inket.<\/p><p>A program vezet\u0151 pedag\u00f3gusai: Huszta Erzs\u00e9bet, Vidovi\u0107 Andrea \u00e9s Lad\u00e1nyi Anrietta.<\/p>\t\t\t\t\t\t\t\t<\/div>\n\t\t\t\t<\/div>\n\t\t\t\t\t<\/div>\n\t\t<\/div>\n\t\t\t\t\t<\/div>\n\t\t<\/section>\n\t\t\t\t<section class=\"elementor-section elementor-top-section elementor-element elementor-element-a620f12 elementor-section-boxed elementor-section-height-default elementor-section-height-default\" data-id=\"a620f12\" data-element_type=\"section\" data-e-type=\"section\">\n\t\t\t\t\t\t<div class=\"elementor-container elementor-column-gap-default\">\n\t\t\t\t\t<div class=\"elementor-column elementor-col-100 elementor-top-column elementor-element elementor-element-6afdc00\" data-id=\"6afdc00\" data-element_type=\"column\" data-e-type=\"column\">\n\t\t\t<div class=\"elementor-widget-wrap elementor-element-populated\">\n\t\t\t\t\t\t<div class=\"elementor-element elementor-element-4d2dbeb elementor-widget elementor-widget-text-editor\" data-id=\"4d2dbeb\" data-element_type=\"widget\" data-e-type=\"widget\" data-widget_type=\"text-editor.default\">\n\t\t\t\t<div class=\"elementor-widget-container\">\n\t\t\t\t\t\t\t\t\t<p style=\"text-align: center;\"><a href=\"https:\/\/photos.app.goo.gl\/m8mvGFZjXyBzVxUt7\" target=\"_blank\" rel=\"noopener\"><span style=\"color: #000080;\"><strong>\u0421\u043b\u0438\u043a\u0435<\/strong><\/span><\/a><\/p>\t\t\t\t\t\t\t\t<\/div>\n\t\t\t\t<\/div>\n\t\t\t\t\t<\/div>\n\t\t<\/div>\n\t\t\t\t\t<\/div>\n\t\t<\/section>\n\t\t\t\t<\/div>","protected":false},"excerpt":{"rendered":"<p>K\u00f6z\u00f6s munka a Tisza partj\u00e1n \u2013 Foly\u00f3ment\u0151 Iskol\u00e1k Program Iskol\u00e1nk a tan\u00e9v folyam\u00e1n megismerkedett a Foly\u00f3ment\u0151 Iskol\u00e1k Programmal, \u00e9s a 6.c oszt\u00e1ly tagjaival akt\u00edvan bekapcsol\u00f3dtunk a k\u00f6rnyezetv\u00e9d\u0151 munk\u00e1ba. \u00d6r\u00f6mmel t\u00f6lt el benn\u00fcnket, hogy egy nagy csapat r\u00e9szei vagyunk &#8211; a mi Tisz\u00e1nkon k\u00edv\u00fcl foly\u00f3ment\u0151 tev\u00e9kenys\u00e9gre ker\u00fclt sor a Cs\u00edk-\u00e9r, B\u00e1cs-\u00e9r<a class=\"moretag\" href=\"http:\/\/jjzkanjiza.edu.rs\/sr\/2025\/08\/14\/folyomento-iskolava-valtunk\/\"> Read more<\/a><\/p>","protected":false},"author":1,"featured_media":3631,"comment_status":"closed","ping_status":"closed","sticky":false,"template":"","format":"standard","meta":{"_themeisle_gutenberg_block_has_review":false,"footnotes":"","_links_to":"","_links_to_target":""},"categories":[6],"tags":[],"class_list":["post-3630","post","type-post","status-publish","format-standard","has-post-thumbnail","hentry","category-mindennapok"],"_links":{"self":[{"href":"http:\/\/jjzkanjiza.edu.rs\/sr\/wp-json\/wp\/v2\/posts\/3630","targetHints":{"allow":["GET"]}}],"collection":[{"href":"http:\/\/jjzkanjiza.edu.rs\/sr\/wp-json\/wp\/v2\/posts"}],"about":[{"href":"http:\/\/jjzkanjiza.edu.rs\/sr\/wp-json\/wp\/v2\/types\/post"}],"author":[{"embeddable":true,"href":"http:\/\/jjzkanjiza.edu.rs\/sr\/wp-json\/wp\/v2\/users\/1"}],"replies":[{"embeddable":true,"href":"http:\/\/jjzkanjiza.edu.rs\/sr\/wp-json\/wp\/v2\/comments?post=3630"}],"version-history":[{"count":16,"href":"http:\/\/jjzkanjiza.edu.rs\/sr\/wp-json\/wp\/v2\/posts\/3630\/revisions"}],"predecessor-version":[{"id":3648,"href":"http:\/\/jjzkanjiza.edu.rs\/sr\/wp-json\/wp\/v2\/posts\/3630\/revisions\/3648"}],"wp:featuredmedia":[{"embeddable":true,"href":"http:\/\/jjzkanjiza.edu.rs\/sr\/wp-json\/wp\/v2\/media\/3631"}],"wp:attachment":[{"href":"http:\/\/jjzkanjiza.edu.rs\/sr\/wp-json\/wp\/v2\/media?parent=3630"}],"wp:term":[{"taxonomy":"category","embeddable":true,"href":"http:\/\/jjzkanjiza.edu.rs\/sr\/wp-json\/wp\/v2\/categories?post=3630"},{"taxonomy":"post_tag","embeddable":true,"href":"http:\/\/jjzkanjiza.edu.rs\/sr\/wp-json\/wp\/v2\/tags?post=3630"}],"curies":[{"name":"wp","href":"https:\/\/api.w.org\/{rel}","templated":true}]}}